{"id":184865,"date":"2026-03-05T16:43:01","date_gmt":"2026-03-05T15:43:01","guid":{"rendered":"https:\/\/liora.io\/es\/acaso-deutsche-telekom-acaba-de-vender-europa-a-starlink"},"modified":"2026-03-05T16:43:01","modified_gmt":"2026-03-05T15:43:01","slug":"acaso-deutsche-telekom-acaba-de-vender-europa-a-starlink","status":"publish","type":"post","link":"https:\/\/liora.io\/es\/acaso-deutsche-telekom-acaba-de-vender-europa-a-starlink","title":{"rendered":"\u00bfAcaso Deutsche Telekom acaba de vender Europa a Starlink?"},"content":{"rendered":"<p><strong>Deutsche Telekom y Starlink anunciaron una alianza en el Mobile World Congress 2026 para ofrecer servicios m\u00f3viles por sat\u00e9lite directos al dispositivo en Europa, con el objetivo de eliminar las zonas sin cobertura para 2028. El acuerdo ha suscitado un intenso debate sobre la soberan\u00eda tecnol\u00f3gica europea, con las autoridades alemanas advirtiendo sobre la dependencia de un proveedor estadounidense, mientras Deutsche Telekom insiste en mantener el control de los datos bajo las regulaciones europeas.<\/strong><\/p>\n<p>El servicio utilizar\u00e1 los <strong>sat\u00e9lites V2 de Starlink<\/strong> para transmitir datos, video, voz y mensajes de texto directamente a los smartphones compatibles sin necesidad de hardware especial. Seg\u00fan el anuncio de Deutsche Telekom, los tel\u00e9fonos conmutar\u00e1n autom\u00e1ticamente a la conectividad satelital cuando falle la se\u00f1al terrestre, creando lo que la empresa denomina una \u00abEverywhere Network\u00bb.<\/p>\n<p>El <strong>Dr. Abdu Mudesir<\/strong>, Director de Producto y Tecnolog\u00eda de Deutsche Telekom, describi\u00f3 el enfoque estrat\u00e9gico en el Mobile World Congress como: dirigirse al \u00ab\u00faltimo 10 por ciento, 5 por ciento, 1 por ciento que no est\u00e1 cubierto. Los bosques, las monta\u00f1as, las islas,\u00bb seg\u00fan Euronews. La asociaci\u00f3n abarcar\u00e1 <strong>10 pa\u00edses europeos<\/strong> donde opera Deutsche Telekom, y el lanzamiento comercial est\u00e1 programado para principios de 2028.<\/p>\n<p>En lugar de competir con los operadores m\u00f3viles, Starlink se posiciona como una capa complementaria que cubre las lagunas de cobertura en terrenos remotos o dif\u00edciles, declar\u00f3 Deutsche Telekom en su comunicado de prensa. La integraci\u00f3n promete una mayor resiliencia de la red, especialmente durante desastres naturales o cortes de energ\u00eda.<\/p>\n<h3 style=\"margin-top:2rem;margin-bottom:1rem;\">Las inquietudes sobre la soberan\u00eda dividen a las autoridades<\/h3>\n<p>La colaboraci\u00f3n ha puesto de manifiesto profundas divisiones sobre la independencia tecnol\u00f3gica de Europa. Representantes del gobierno alem\u00e1n alertaron sobre la dependencia estrat\u00e9gica de proveedores ajenos a la UE para infraestructuras cr\u00edticas, abogando, en cambio, por la soberan\u00eda digital europea, seg\u00fan el anuncio de Deutsche Telekom.<\/p>\n<p>Mudesir abord\u00f3 estas inquietudes directamente en la conferencia, reconociendo la preocupaci\u00f3n p\u00fablica mientras defend\u00eda un equilibrio pragm\u00e1tico. La clave, afirm\u00f3, era garantizar un \u00abentorno controlable donde nuestros datos est\u00e9n seguros\u00bb con un acceso \u00abregulado por la normativa europea, y donde el acceso a los mismos se mantenga en un entorno soberano,\u00bb inform\u00f3 Euronews. Esta postura sugiere que <strong>la gobernanza de datos seguir\u00e1 los est\u00e1ndares de la UE<\/strong> pese a que el proveedor de tecnolog\u00eda sea estadounidense.<\/p>\n<p>El debate se enmarca en los esfuerzos m\u00e1s amplios de la UE para desarrollar su propia <strong>constelaci\u00f3n satelital IRIS\u00b2<\/strong>, dise\u00f1ada espec\u00edficamente para reducir la dependencia de sistemas extranjeros como Starlink, seg\u00fan Telecoms.com.<\/p>\n<h3 style=\"margin-top:2rem;margin-bottom:1rem;\">Los competidores eligen caminos distintos<\/h3>\n<p>Mientras Deutsche Telekom ha optado por Starlink, otros grandes operadores europeos est\u00e1n apostando por <strong>AST SpaceMobile<\/strong>. Tanto <strong>Orange<\/strong> como <strong>Telef\u00f3nica<\/strong> anunciaron asociaciones con el proveedor satelital rival en el Mobile World Congress, mientras que <strong>Vodafone<\/strong> tambi\u00e9n se ha alineado con AST SpaceMobile, inform\u00f3 Telecoms.com.<\/p>\n<p>Esta divisi\u00f3n estrat\u00e9gica sugiere que los operadores europeos buscan v\u00edas divergentes para lograr una conectividad ubicua, lo que podr\u00eda fragmentar el enfoque continental hacia los servicios m\u00f3viles basados en sat\u00e9lite. Las alianzas rivales se\u00f1alan un mercado din\u00e1mico que a\u00fan debe determinar qu\u00e9 tecnolog\u00eda dominar\u00e1 las zonas muertas de la red m\u00f3vil en Europa.<\/p>\n<div style=\"margin-top:3rem;padding-top:1.5rem;border-top:1px solid #e2e4ea;\">\n<h3 style=\"margin:0 0 0.75rem;font-size:1.1rem;letter-spacing:0.08em;text-transform:uppercase;\">\n    Sources<br \/>\n  <\/h3>\n<ul style=\"margin:0;padding-left:1.2rem;list-style:disc;\">\n<li>Deutsche Telekom<\/li>\n<li>Euronews<\/li>\n<li>Telecoms.com<\/li>\n<\/ul>\n<\/div>\n","protected":false},"excerpt":{"rendered":"<p>Deutsche Telekom y Starlink anunciaron una alianza en el Mobile World Congress 2026 para ofrecer servicios m\u00f3viles por sat\u00e9lite directos al dispositivo en Europa, con el objetivo de eliminar las zonas sin cobertura para 2028. El acuerdo ha suscitado un intenso debate sobre la soberan\u00eda tecnol\u00f3gica europea, con las autoridades alemanas advirtiendo sobre la dependencia de un proveedor estadounidense, mientras Deutsche Telekom insiste en mantener el control de los datos bajo las regulaciones europeas.<\/p>\n","protected":false},"author":87,"featured_media":184859,"comment_status":"open","ping_status":"open","sticky":false,"template":"","format":"standard","meta":{"_acf_changed":false,"editor_notices":[],"footnotes":""},"categories":[2428,2437],"class_list":["post-184865","post","type-post","status-publish","format-standard","has-post-thumbnail","hentry","category-noticias","category-digital"],"acf":[],"_links":{"self":[{"href":"https:\/\/liora.io\/es\/wp-json\/wp\/v2\/posts\/184865","targetHints":{"allow":["GET"]}}],"collection":[{"href":"https:\/\/liora.io\/es\/wp-json\/wp\/v2\/posts"}],"about":[{"href":"https:\/\/liora.io\/es\/wp-json\/wp\/v2\/types\/post"}],"author":[{"embeddable":true,"href":"https:\/\/liora.io\/es\/wp-json\/wp\/v2\/users\/87"}],"replies":[{"embeddable":true,"href":"https:\/\/liora.io\/es\/wp-json\/wp\/v2\/comments?post=184865"}],"version-history":[{"count":1,"href":"https:\/\/liora.io\/es\/wp-json\/wp\/v2\/posts\/184865\/revisions"}],"predecessor-version":[{"id":184869,"href":"https:\/\/liora.io\/es\/wp-json\/wp\/v2\/posts\/184865\/revisions\/184869"}],"wp:featuredmedia":[{"embeddable":true,"href":"https:\/\/liora.io\/es\/wp-json\/wp\/v2\/media\/184859"}],"wp:attachment":[{"href":"https:\/\/liora.io\/es\/wp-json\/wp\/v2\/media?parent=184865"}],"wp:term":[{"taxonomy":"category","embeddable":true,"href":"https:\/\/liora.io\/es\/wp-json\/wp\/v2\/categories?post=184865"}],"curies":[{"name":"wp","href":"https:\/\/api.w.org\/{rel}","templated":true}]}}