{"id":219936,"date":"2026-03-05T16:43:01","date_gmt":"2026-03-05T15:43:01","guid":{"rendered":"https:\/\/liora.io\/de\/hat-die-deutsche-telekom-europa-gerade-an-starlink-verkauft"},"modified":"2026-03-05T17:00:45","modified_gmt":"2026-03-05T16:00:45","slug":"hat-die-deutsche-telekom-europa-gerade-an-starlink-verkauft","status":"publish","type":"post","link":"https:\/\/liora.io\/de\/hat-die-deutsche-telekom-europa-gerade-an-starlink-verkauft","title":{"rendered":"Hat die Deutsche Telekom Europa gerade an Starlink verkauft?"},"content":{"rendered":"<p><strong>Deutsche Telekom und Starlink k\u00fcndigten auf dem Mobile World Congress 2026 eine Partnerschaft an, um satellitengest\u00fctzte Mobilfunkdienste in ganz Europa direkt auf Endger\u00e4te zu bringen und Funkl\u00f6cher bis 2028 zu schlie\u00dfen. Die Vereinbarung hat eine heftige Debatte \u00fcber die europ\u00e4ische technologische Souver\u00e4nit\u00e4t ausgel\u00f6st, wobei deutsche Regierungsvertreter vor einer Abh\u00e4ngigkeit vom US-Anbieter warnen, w\u00e4hrend die Deutsche Telekom darauf beharrt, die Datenkontrolle gem\u00e4\u00df europ\u00e4ischen Vorschriften zu behalten.<\/strong><\/p>\n<p>Der Dienst wird <strong>Starlinks V2-Satelliten<\/strong> nutzen, um Daten, Videos, Sprache und Textnachrichten direkt an kompatible Smartphones zu \u00fcbertragen, ohne dass spezielle Hardware erforderlich ist. Laut der Ank\u00fcndigung der Deutschen Telekom werden Telefone automatisch auf eine Satellitenverbindung umschalten, sobald terrestrische Signale ausfallen, was das Unternehmen als &#8218;Everywhere Network&#8216; bezeichnet.<\/p>\n<p><strong>Dr. Abdu Mudesir<\/strong>, Chief Product &amp; Technology Officer bei der Deutschen Telekom, beschrieb den strategischen Fokus auf dem Mobile World Congress: Ziel sei es, die &#8222;letzten 10 Prozent, 5 Prozent, 1 Prozent zu erreichen, die unversorgt sind. Die W\u00e4lder, die Berge, die Inseln&#8220;, so Euronews. Die Partnerschaft wird <strong>10 europ\u00e4ische L\u00e4nder<\/strong> abdecken, in denen die Deutsche Telekom t\u00e4tig ist, mit einem kommerziellen Marktstart Anfang 2028.<\/p>\n<p>Anstatt mit Mobilfunkanbietern zu konkurrieren, positioniert sich Starlink laut Pressemitteilung der Deutschen Telekom als erg\u00e4nzende Ebene, die Versorgungsl\u00fccken in abgelegenen oder schwierigen Gebieten schlie\u00dft. Die Integration verspricht eine verbesserte Netzresilienz, insbesondere bei Naturkatastrophen oder Stromausf\u00e4llen.<\/p>\n<h3 style=\"margin-top:2rem;margin-bottom:1rem;\">Souver\u00e4nit\u00e4tsbedenken spalten Regierungsvertreter<\/h3>\n<p>Die Zusammenarbeit hat tiefe Meinungsverschiedenheiten in Bezug auf Europas technologische Unabh\u00e4ngigkeit offenbart. Vertreter der deutschen Regierung warnten bei kritischer Infrastruktur vor einer strategischen Abh\u00e4ngigkeit von Anbietern au\u00dferhalb der EU und pl\u00e4dierten stattdessen f\u00fcr europ\u00e4ische digitale Souver\u00e4nit\u00e4t, so die Ank\u00fcndigung der Deutschen Telekom.<\/p>\n<p>Mudesir ging auf der Konferenz direkt auf diese Bedenken ein, erkannte die \u00f6ffentliche Sorge an und warb f\u00fcr eine pragmatische Balance. Das Wesentliche sei, so sagte er, die Gew\u00e4hrleistung eines &#8222;kontrollierbaren Umfelds, in dem unsere Daten sicher sind&#8220;, sowie ein Zugriff, &#8222;der nach europ\u00e4ischen Standards geregelt ist; wer darauf zugreifen kann, befindet sich in einer souver\u00e4nen Umgebung&#8220;, berichtete Euronews. Diese Position signalisiert, dass <strong>die Datenverwaltung europ\u00e4ischen Standards folgen wird<\/strong>, trotz des amerikanischen Technologiepartners.<\/p>\n<p>Die Debatte f\u00fcgt sich in die umfassenderen Bem\u00fchungen der EU ein, eine eigene <strong>IRIS\u00b2-Satellitenkonstellation<\/strong> zu entwickeln, die speziell darauf ausgelegt ist, die Abh\u00e4ngigkeit von ausl\u00e4ndischen Systemen wie Starlink zu verringern, berichtete Telecoms.com.<\/p>\n<h3 style=\"margin-top:2rem;margin-bottom:1rem;\">Wettbewerber w\u00e4hlen unterschiedliche Wege<\/h3>\n<p>W\u00e4hrend die Deutsche Telekom Starlink willkommen hie\u00df, setzen andere gro\u00dfe europ\u00e4ische Betreiber auf <strong>AST SpaceMobile<\/strong>. Sowohl <strong>Orange<\/strong> als auch <strong>Telef\u00f3nica<\/strong> gaben auf dem Mobile World Congress Partnerschaften mit dem konkurrierenden Satellitenanbieter bekannt, w\u00e4hrend <strong>Vodafone<\/strong> sich ebenfalls mit AST SpaceMobile abgestimmt hat, wie Telecoms.com berichtete.<\/p>\n<p>Diese strategische Aufteilung deutet darauf hin, dass europ\u00e4ische Betreiber unterschiedliche Wege verfolgen, um eine fl\u00e4chendeckende Konnektivit\u00e4t zu erreichen, was den europaweiten Ansatz f\u00fcr satellitengest\u00fctzte Mobilfunkdienste potenziell fragmentieren k\u00f6nnte. Die konkurrierenden Allianzen signalisieren einen dynamischen Markt, der noch dar\u00fcber entscheiden muss, welche Technologie bei der Schlie\u00dfung von Europas Funkl\u00f6chern dominieren wird.<\/p>\n<div style=\"margin-top:3rem;padding-top:1.5rem;border-top:1px solid #e2e4ea;\">\n<h3 style=\"margin:0 0 0.75rem;font-size:1.1rem;letter-spacing:0.08em;text-transform:uppercase;\">\n    Sources<br \/>\n  <\/h3>\n<ul style=\"margin:0;padding-left:1.2rem;list-style:disc;\">\n<li>Deutsche Telekom<\/li>\n<li>Euronews<\/li>\n<li>Telecoms.com<\/li>\n<\/ul>\n<\/div>\n","protected":false},"excerpt":{"rendered":"<p>Deutsche Telekom und Starlink k\u00fcndigten auf dem Mobile World Congress 2026 eine Partnerschaft an, um satellitengest\u00fctzte Mobilfunkdienste in ganz Europa direkt auf Endger\u00e4te zu bringen und Funkl\u00f6cher bis 2028 zu schlie\u00dfen. Die Vereinbarung hat eine heftige Debatte \u00fcber die europ\u00e4ische technologische Souver\u00e4nit\u00e4t ausgel\u00f6st, wobei deutsche Regierungsvertreter vor einer Abh\u00e4ngigkeit vom US-Anbieter warnen, w\u00e4hrend die Deutsche Telekom darauf beharrt, die Datenkontrolle gem\u00e4\u00df europ\u00e4ischen Vorschriften zu behalten.<\/p>\n","protected":false},"author":87,"featured_media":219930,"comment_status":"open","ping_status":"open","sticky":false,"template":"","format":"standard","meta":{"_acf_changed":false,"editor_notices":[],"footnotes":""},"categories":[2474,2475],"class_list":["post-219936","post","type-post","status-publish","format-standard","has-post-thumbnail","hentry","category-digitale","category-nachrichten"],"acf":[],"_links":{"self":[{"href":"https:\/\/liora.io\/de\/wp-json\/wp\/v2\/posts\/219936","targetHints":{"allow":["GET"]}}],"collection":[{"href":"https:\/\/liora.io\/de\/wp-json\/wp\/v2\/posts"}],"about":[{"href":"https:\/\/liora.io\/de\/wp-json\/wp\/v2\/types\/post"}],"author":[{"embeddable":true,"href":"https:\/\/liora.io\/de\/wp-json\/wp\/v2\/users\/87"}],"replies":[{"embeddable":true,"href":"https:\/\/liora.io\/de\/wp-json\/wp\/v2\/comments?post=219936"}],"version-history":[{"count":1,"href":"https:\/\/liora.io\/de\/wp-json\/wp\/v2\/posts\/219936\/revisions"}],"predecessor-version":[{"id":219940,"href":"https:\/\/liora.io\/de\/wp-json\/wp\/v2\/posts\/219936\/revisions\/219940"}],"wp:featuredmedia":[{"embeddable":true,"href":"https:\/\/liora.io\/de\/wp-json\/wp\/v2\/media\/219930"}],"wp:attachment":[{"href":"https:\/\/liora.io\/de\/wp-json\/wp\/v2\/media?parent=219936"}],"wp:term":[{"taxonomy":"category","embeddable":true,"href":"https:\/\/liora.io\/de\/wp-json\/wp\/v2\/categories?post=219936"}],"curies":[{"name":"wp","href":"https:\/\/api.w.org\/{rel}","templated":true}]}}