{"id":171272,"date":"2023-03-08T07:21:43","date_gmt":"2023-03-08T06:21:43","guid":{"rendered":"https:\/\/liora.io\/de\/?p=171272"},"modified":"2026-02-06T07:01:51","modified_gmt":"2026-02-06T06:01:51","slug":"der-data-act-ein-neuer-eu-gesetzesentwurf-fuer-daten-von-vernetzten-objekten","status":"publish","type":"post","link":"https:\/\/liora.io\/de\/der-data-act-ein-neuer-eu-gesetzesentwurf-fuer-daten-von-vernetzten-objekten","title":{"rendered":"Der Data Act: ein neuer EU-Gesetzesentwurf f\u00fcr Daten von vernetzten Objekten"},"content":{"rendered":"<p><strong>Data Act: Die Europ\u00e4ische Kommission hat heute ihren Entwurf f\u00fcr den &#8222;Data Act&#8220; vorgestellt. Diese Verordnung soll einen Rahmen f\u00fcr die exponentielle Produktion von Industriedaten in den kommenden Jahren schaffen, die sowohl von Menschen als auch von vernetzten Objekten produziert werden.&nbsp;<\/strong><\/p>\n<p>&#8222;Wir wollen den Verbrauchern und Unternehmen noch mehr Kontrolle dar\u00fcber geben, was mit ihren Daten gemacht werden kann, indem wir klarstellen, wer unter welchen Bedingungen auf die Daten zugreifen kann&#8220;, sagte <strong>Ursula Von der Leyen<\/strong> in einem Video auf Youtube.<\/p>\n<p><iframe title=\"The Data Act\" width=\"500\" height=\"281\" src=\"https:\/\/www.youtube.com\/embed\/XQHlH8aseoE?feature=oembed\" frameborder=\"0\" allow=\"accelerometer; autoplay; clipboard-write; encrypted-media; gyroscope; picture-in-picture; web-share\" referrerpolicy=\"strict-origin-when-cross-origin\" allowfullscreen><\/iframe><\/p>\n<p>Die Kommission hatte bereits 2016 mit der <a href=\"https:\/\/liora.io\/de\/dsgvo-schulung-warum-und-wann-ist-sie-notwendig\">DSGVO<\/a> Gesetze erlassen, um die Nutzung pers\u00f6nlicher Daten zu regeln. Im vergangenen Jahr hatte sie dann mit dem<strong> Governance Data Act<\/strong> einen einheitlichen Datenmarkt f\u00f6rdern wollen. Heute, mit dem Data Act, sind es die Daten, die bei der <a href=\"https:\/\/liora.io\/de\/machine-learning-definition-funktionsweise-anwendungen\">Nutzung einer Maschine<\/a> entstehen, die ins Visier genommen werden.<\/p>\n<p>Denn es gibt eine Unklarhei: Wem geh\u00f6ren diese Daten? Dem Hersteller der Maschine oder dem Benutzer, von dem sie generiert wurden? Was sind die Bedingungen f\u00fcr den Zugriff auf diese Daten?&nbsp;<\/p>\n<style>\n.elementor-heading-title{padding:0;margin:0;line-height:1}.elementor-widget-heading .elementor-heading-title[class*=elementor-size-]>a{color:inherit;font-size:inherit;line-height:inherit}.elementor-widget-heading .elementor-heading-title.elementor-size-small{font-size:15px}.elementor-widget-heading .elementor-heading-title.elementor-size-medium{font-size:19px}.elementor-widget-heading .elementor-heading-title.elementor-size-large{font-size:29px}.elementor-widget-heading .elementor-heading-title.elementor-size-xl{font-size:39px}.elementor-widget-heading .elementor-heading-title.elementor-size-xxl{font-size:59px}<\/style>\n<h3>Ziel des Data Act: F\u00f6rderung von Fairness und Innovation<\/h3>\n<p>Fragen, die der<strong> Data Act<\/strong> beantworten will, indem er sicherstellt, dass der Wert dieser Daten gerecht zwischen den Herstellern der vernetzten Produkte, den Nutzern und den Diensten von Drittanbietern aufgeteilt wird. Mit dem <strong>Data Act<\/strong> hofft Europa, die Innovation zu f\u00f6rdern.<\/p>\n<p>Der neue Text w\u00fcrde zum Beispiel verhindern, dass der Hersteller eines vernetzten Fahrzeugs als einziger einen Reparaturservice anbieten kann, indem er die <strong>Exklusivrechte an den f\u00fcr diesen Service notwendigen Daten hat.&nbsp;<\/strong><\/p>\n<h3>Neue Verpflichtungen f\u00fcr Hersteller<\/h3>\n<p>Sobald der<strong> Data Act<\/strong> ver\u00f6ffentlicht ist, m\u00fcssen die Datenhersteller (data holders) die von ihnen erzeugten Daten den Nutzern kostenlos zur Verf\u00fcgung stellen. Der Nutzer kann entscheiden, ob er die Daten an ein Drittunternehmen weitergeben m\u00f6chte. Wenn es sich bei dem <strong>Unternehmen um ein KMU<\/strong> handelt, darf der Preis f\u00fcr den Zugang zu den erzeugten Daten nicht h\u00f6her sein als die Kosten f\u00fcr die \u00dcbertragung der Daten.<\/p>\n<p>Bei gr\u00f6\u00dferen Unternehmen wird der Preis vom Markt bestimmt, aber der Hersteller darf keine &#8222;unzumutbaren&#8220; Bedingungen stellen, um sich von seiner Verpflichtung zu befreien. In einigen F\u00e4llen m\u00fcssen diese Daten &#8222;im Namen des \u00f6ffentlichen Wohls&#8220; zug\u00e4nglich gemacht werden. In Notf\u00e4llen, wie z. B. bei einer Gesundheitskrise, wie wir sie gerade erlebt haben, oder wenn diese Daten die Verwaltung des Staates vereinfachen k\u00f6nnen.&nbsp;<\/p>\n<h3>Interoperabilit\u00e4t und Transparenz f\u00fcr Anbieter von Cloud-Diensten<\/h3>\n<p><strong>Die EU will den Data Act<\/strong> auch nutzen, um mehr Interoperabilit\u00e4t zwischen den Anbietern von<strong> Cloud-Diensten<\/strong> zu f\u00f6rdern. Wie sie es im Bereich der mobilen Telekommunikation mit der Nummern\u00fcbertragbarkeit getan hat, wird die EU es Unternehmen leichter machen, den Anbieter von Cloud-Diensten zu wechseln. Die Cloud-Anbieter werden eine vollst\u00e4ndige Aufbewahrung der Daten und der von ihren Kunden entwickelten Anwendungen garantieren m\u00fcssen.<\/p>\n<p>Der Data Act wird auch Standards f\u00fcr &#8222;smarts contracts&#8220; festlegen, Vertr\u00e4ge, die in Computercode geschrieben sind und ohne die Notwendigkeit einer dritten Partei erf\u00fcllt werden k\u00f6nnen.<\/p>\n<p>Um ihre Transparenz zu verbessern, m\u00fcssen <a href=\"https:\/\/liora.io\/de\/cloud-computing\">Cloud-Anbieter<\/a> schlie\u00dflich Ma\u00dfnahmen ergreifen, um die in Europa erzeugten Daten besser vor extraterritorialen Vorschriften wie dem US-amerikanischen Cloud Act zu sch\u00fctzen. Sie m\u00fcssen z. B. bestimmte Verfahren auf Anfrage von europ\u00e4ischen Regierungsbeh\u00f6rden einrichten oder Daten verschl\u00fcsseln, wenn sie au\u00dferhalb Europas \u00fcbertragen werden.&nbsp;&nbsp;<\/p>\n<p>Als Gesetzentwurf kann der <strong>Data Act<\/strong> noch 12 Monate lang ge\u00e4ndert werden, bevor er offiziell ratifiziert wird. Die Europ\u00e4ische Kommission hat noch kein genaues Datum f\u00fcr die Ratifizierung bekannt gegeben.<\/p>\n","protected":false},"excerpt":{"rendered":"<p>Data Act: Die Europ\u00e4ische Kommission hat heute ihren Entwurf f\u00fcr den &#8222;Data Act&#8220; vorgestellt. Diese Verordnung soll einen Rahmen f\u00fcr die exponentielle Produktion von Industriedaten in den kommenden Jahren schaffen, die sowohl von Menschen als auch von vernetzten Objekten produziert werden.&nbsp; &#8222;Wir wollen den Verbrauchern und Unternehmen noch mehr Kontrolle dar\u00fcber geben, was mit ihren [&hellip;]<\/p>\n","protected":false},"author":47,"featured_media":171277,"comment_status":"open","ping_status":"open","sticky":false,"template":"elementor_theme","format":"standard","meta":{"_acf_changed":false,"editor_notices":[],"footnotes":""},"categories":[2472],"class_list":["post-171272","post","type-post","status-publish","format-standard","has-post-thumbnail","hentry","category-data-ki"],"acf":[],"_links":{"self":[{"href":"https:\/\/liora.io\/de\/wp-json\/wp\/v2\/posts\/171272","targetHints":{"allow":["GET"]}}],"collection":[{"href":"https:\/\/liora.io\/de\/wp-json\/wp\/v2\/posts"}],"about":[{"href":"https:\/\/liora.io\/de\/wp-json\/wp\/v2\/types\/post"}],"author":[{"embeddable":true,"href":"https:\/\/liora.io\/de\/wp-json\/wp\/v2\/users\/47"}],"replies":[{"embeddable":true,"href":"https:\/\/liora.io\/de\/wp-json\/wp\/v2\/comments?post=171272"}],"version-history":[{"count":1,"href":"https:\/\/liora.io\/de\/wp-json\/wp\/v2\/posts\/171272\/revisions"}],"predecessor-version":[{"id":217698,"href":"https:\/\/liora.io\/de\/wp-json\/wp\/v2\/posts\/171272\/revisions\/217698"}],"wp:featuredmedia":[{"embeddable":true,"href":"https:\/\/liora.io\/de\/wp-json\/wp\/v2\/media\/171277"}],"wp:attachment":[{"href":"https:\/\/liora.io\/de\/wp-json\/wp\/v2\/media?parent=171272"}],"wp:term":[{"taxonomy":"category","embeddable":true,"href":"https:\/\/liora.io\/de\/wp-json\/wp\/v2\/categories?post=171272"}],"curies":[{"name":"wp","href":"https:\/\/api.w.org\/{rel}","templated":true}]}}