{"id":166969,"date":"2023-01-17T18:38:14","date_gmt":"2023-01-17T17:38:14","guid":{"rendered":"https:\/\/liora.io\/de\/?p=166969"},"modified":"2026-02-06T07:06:20","modified_gmt":"2026-02-06T06:06:20","slug":"bildungszeit-neues-weiterbildungsgesetz-soll-bezahlte-weiterbildungszeit-ermoeglichen","status":"publish","type":"post","link":"https:\/\/liora.io\/de\/bildungszeit-neues-weiterbildungsgesetz-soll-bezahlte-weiterbildungszeit-ermoeglichen","title":{"rendered":"Bildungszeit: neues Weiterbildungsgesetz soll bezahlte Weiterbildungszeit erm\u00f6glichen"},"content":{"rendered":"<h3><b>Mit einer neuen Bildungszeit und anderen Anreizen will Bundesarbeitsminister Hubertus Heil nach \u00d6sterreichischem Vorbild Besch\u00e4ftigte in Deutschland k\u00fcnftig <\/b><a href=\"https:\/\/liora.io\/en\/company-data-couse\"><b>fit f\u00fcr den Wandel in Unternehmen<\/b><\/a><b> machen.<\/b><\/h3>\n<h2>Vorbild \u00d6sterreich<\/h2>\n<p>In \u00d6sterreich k\u00f6nnen Besch\u00e4ftigte f\u00fcr <b>maximal ein Jahr eine berufliche Auszeit<\/b> f\u00fcr eine <a href=\"https:\/\/liora.io\/de\/unsere-aus-und-weiterbildungen\">Aus- oder Weiterbil\u00addung<\/a> nehmen \u2013 oder eine Bildungsteilzeit f\u00fcr bis zu zwei Jahre. Wer so eine \u201eBildungskarenz\u201c nimmt, kann ein Weiterbildungsgeld erhalten.<\/p>\n<p>Bereits jetzt werden gut <b>qualifizierte Arbeitskr\u00e4fte h\u00e4nderingend gesucht<\/b>, beispielsweise im <a href=\"https:\/\/liora.io\/de\/unsere-aus-und-weiterbildungen\">Bereich Data<\/a>. Dieser <b>Fachkr\u00e4ftemangel<\/b> soll laut Bundesarbeitsminister Heil nicht zur <b>Wachstumsbremse<\/b> werden, und das Gesetz soll Besch\u00e4ftigten somit zus\u00e4tzliche Chancen er\u00f6ffnen.<\/p>\n<h2>Das Modell in Deutschland<\/h2>\n<p>Somit sollen sich Besch\u00e4ftigte laut Heil k\u00fcnftig <b>ein Jahr bezahlt weiterbilden k\u00f6nnen<\/b> &#8211; auch <b>Teilzeit<\/b> soll m\u00f6glich sein. Voraus\u00adsetzung soll eine Verst\u00e4ndigung zwischen Arbeitgeber und -nehmer sein. \u201eDas l\u00e4sst sich auch als <b>Bildungsteilzeit in zwei Jahren<\/b> organisieren\u201c, so Heil. Die Bundesagentur f\u00fcr Arbeit solle <b>Unterhalt zahlen wie Arbeitslosen\u00adgeld<\/b> (Alleinstehende: 60 Prozent, mit Kind: 67 Prozent des Einkommens).<\/p>\n<p>Das <b>finanzielle Volumen<\/b> f\u00fcr die Ma\u00dfnahmen des Weiterbildungsgesetzes soll laut Heil bei der <b>Bundesagentur f\u00fcr Arbeit<\/b> bis zum Jahr 2026 aufwachsend j\u00e4hrlich rund 771 Millionen Euro betragen. 190 Millionen Euro sollen aus dem Bundeshaushalt dazukommen. Demgegen\u00fcber st\u00fcnden Beitrags- und Steuereinnahmen durch den Aufbau von Besch\u00e4ftigung.<\/p>\n<p>Insgesamt soll laut Heil der <b>Strukturwandel der Wirtschaft<\/b> durch einen &#8222;ganz neuen Werkzeugkasten&#8220; f\u00fcr Weiterbildung flankiert werden. F\u00f6rderm\u00f6glichkeiten w\u00fcrden vereinfacht &#8211; Deutschland m\u00fcsse <b>&#8222;Weiterbildungsrepublik&#8220;<\/b> werden, so Heil. Wenn <b>Unternehmen im Wandel<\/b> gro\u00dfe Teile der <a href=\"https:\/\/liora.io\/en\/company-data-couse\"><b>Belegschaft weiterqualifizieren<\/b><\/a> m\u00fcssten, solle ein <b>Qualifizierungsgeld<\/b> helfen.<\/p>\n<p>Alles in Allem gibt es also <b>gro\u00dfe Pl\u00e4ne f\u00fcr die Weiterbildung von Fachkr\u00e4ften<\/b> in Deutschland. Schaue dir hierf\u00fcr gerne an, wie du pers\u00f6nlich dich in dem <a href=\"https:\/\/liora.io\/de\/unsere-aus-und-weiterbildungen\">rapide wachsenden Bereich Data weiterbilden<\/a> kannst. Ganz egal ob <a href=\"https:\/\/liora.io\/de\/weiterbildung-data-analyst\">Data Analysis<\/a>, <a href=\"https:\/\/liora.io\/de\/weiterbildung-data-analyst\">Data Science<\/a> oder <a href=\"https:\/\/liora.io\/de\/weiterbildung-data-engineer\">Data Engineering<\/a>, unsere Experten helfen dir gerne bei der <a href=\"https:\/\/liora.io\/de\/terminvereinbarung\">Suche nach dem perfekten Kurs f\u00fcr Dich!<\/a><\/p>\n","protected":false},"excerpt":{"rendered":"<p>Mit einer neuen Bildungszeit und anderen Anreizen will Bundesarbeitsminister Hubertus Heil nach \u00d6sterreichischem Vorbild Besch\u00e4ftigte in Deutschland k\u00fcnftig fit f\u00fcr den Wandel in Unternehmen machen. Vorbild \u00d6sterreich In \u00d6sterreich k\u00f6nnen Besch\u00e4ftigte f\u00fcr maximal ein Jahr eine berufliche Auszeit f\u00fcr eine Aus- oder Weiterbil\u00addung nehmen \u2013 oder eine Bildungsteilzeit f\u00fcr bis zu zwei Jahre. Wer so [&hellip;]<\/p>\n","protected":false},"author":60,"featured_media":166970,"comment_status":"open","ping_status":"open","sticky":false,"template":"elementor_theme","format":"standard","meta":{"_acf_changed":false,"editor_notices":[],"footnotes":""},"categories":[2474],"class_list":["post-166969","post","type-post","status-publish","format-standard","has-post-thumbnail","hentry","category-digitale"],"acf":[],"_links":{"self":[{"href":"https:\/\/liora.io\/de\/wp-json\/wp\/v2\/posts\/166969","targetHints":{"allow":["GET"]}}],"collection":[{"href":"https:\/\/liora.io\/de\/wp-json\/wp\/v2\/posts"}],"about":[{"href":"https:\/\/liora.io\/de\/wp-json\/wp\/v2\/types\/post"}],"author":[{"embeddable":true,"href":"https:\/\/liora.io\/de\/wp-json\/wp\/v2\/users\/60"}],"replies":[{"embeddable":true,"href":"https:\/\/liora.io\/de\/wp-json\/wp\/v2\/comments?post=166969"}],"version-history":[{"count":1,"href":"https:\/\/liora.io\/de\/wp-json\/wp\/v2\/posts\/166969\/revisions"}],"predecessor-version":[{"id":217745,"href":"https:\/\/liora.io\/de\/wp-json\/wp\/v2\/posts\/166969\/revisions\/217745"}],"wp:featuredmedia":[{"embeddable":true,"href":"https:\/\/liora.io\/de\/wp-json\/wp\/v2\/media\/166970"}],"wp:attachment":[{"href":"https:\/\/liora.io\/de\/wp-json\/wp\/v2\/media?parent=166969"}],"wp:term":[{"taxonomy":"category","embeddable":true,"href":"https:\/\/liora.io\/de\/wp-json\/wp\/v2\/categories?post=166969"}],"curies":[{"name":"wp","href":"https:\/\/api.w.org\/{rel}","templated":true}]}}